{"id":1099,"date":"2024-05-06T00:14:05","date_gmt":"2024-05-06T06:14:05","guid":{"rendered":"https:\/\/carloshiller.com\/?p=1099"},"modified":"2024-10-22T10:06:23","modified_gmt":"2024-10-22T16:06:23","slug":"anemona","status":"publish","type":"post","link":"https:\/\/carloshiller.com\/en\/anemona\/","title":{"rendered":"An\u00e9mona"},"content":{"rendered":"<div data-elementor-type=\"wp-post\" data-elementor-id=\"1099\" class=\"elementor elementor-1099\">\n\t\t\t\t<div class=\"elementor-element elementor-element-2377514b e-flex e-con-boxed e-con e-parent\" data-id=\"2377514b\" data-element_type=\"container\">\n\t\t\t\t\t<div class=\"e-con-inner\">\n\t\t\t\t<div class=\"elementor-element elementor-element-6375e738 elementor-widget elementor-widget-heading\" data-id=\"6375e738\" data-element_type=\"widget\" data-widget_type=\"heading.default\">\n\t\t\t\t<div class=\"elementor-widget-container\">\n\t\t\t<style>\/*! elementor - v3.21.0 - 08-05-2024 *\/\n.elementor-heading-title{padding:0;margin:0;line-height:1}.elementor-widget-heading .elementor-heading-title[class*=elementor-size-]>a{color:inherit;font-size:inherit;line-height:inherit}.elementor-widget-heading .elementor-heading-title.elementor-size-small{font-size:15px}.elementor-widget-heading .elementor-heading-title.elementor-size-medium{font-size:19px}.elementor-widget-heading .elementor-heading-title.elementor-size-large{font-size:29px}.elementor-widget-heading .elementor-heading-title.elementor-size-xl{font-size:39px}.elementor-widget-heading .elementor-heading-title.elementor-size-xxl{font-size:59px}<\/style><h2 class=\"elementor-heading-title elementor-size-default\">Exposici\u00f3n \"La Costa Rica Desconocida\"  <\/h2>\t\t<\/div>\n\t\t\t\t<\/div>\n\t\t\t\t<div class=\"elementor-element elementor-element-3200fce4 elementor-widget elementor-widget-heading\" data-id=\"3200fce4\" data-element_type=\"widget\" data-widget_type=\"heading.default\">\n\t\t\t\t<div class=\"elementor-widget-container\">\n\t\t\t<h2 class=\"elementor-heading-title elementor-size-default\">Carlos Hiller paints the abyssal depths of the Costa Rican Pacific. <\/h2>\t\t<\/div>\n\t\t\t\t<\/div>\n\t\t\t\t<div class=\"elementor-element elementor-element-197ee411 elementor-widget elementor-widget-heading\" data-id=\"197ee411\" data-element_type=\"widget\" data-widget_type=\"heading.default\">\n\t\t\t\t<div class=\"elementor-widget-container\">\n\t\t\t<h2 class=\"elementor-heading-title elementor-size-default\">AN\u00c9MONA<\/h2>\t\t<\/div>\n\t\t\t\t<\/div>\n\t\t\t\t\t<\/div>\n\t\t\t\t<\/div>\n\t\t<div class=\"elementor-element elementor-element-6595385a e-flex e-con-boxed e-con e-parent\" data-id=\"6595385a\" data-element_type=\"container\">\n\t\t\t\t\t<div class=\"e-con-inner\">\n\t\t\t\t<div class=\"elementor-element elementor-element-12051407 elementor-widget elementor-widget-text-editor\" data-id=\"12051407\" data-element_type=\"widget\" data-widget_type=\"text-editor.default\">\n\t\t\t\t<div class=\"elementor-widget-container\">\n\t\t\t<style>\/*! elementor - v3.21.0 - 08-05-2024 *\/\n.elementor-widget-text-editor.elementor-drop-cap-view-stacked .elementor-drop-cap{background-color:#69727d;color:#fff}.elementor-widget-text-editor.elementor-drop-cap-view-framed .elementor-drop-cap{color:#69727d;border:3px solid;background-color:transparent}.elementor-widget-text-editor:not(.elementor-drop-cap-view-default) .elementor-drop-cap{margin-top:8px}.elementor-widget-text-editor:not(.elementor-drop-cap-view-default) .elementor-drop-cap-letter{width:1em;height:1em}.elementor-widget-text-editor .elementor-drop-cap{float:left;text-align:center;line-height:1;font-size:50px}.elementor-widget-text-editor .elementor-drop-cap-letter{display:inline-block}<\/style>\t\t\t\t<p style=\"text-align: center;\">Escultura<\/p><p>Esta colorida an\u00e9mona con sus largos tent\u00e1culos llam\u00f3 mucho mi atenci\u00f3n. En una ocasi\u00f3n la vimos en un risco, adornando magnamente un paisaje abisal. El movimiento ondulante de sus tent\u00e1culos indicaba el sentido de la corriente marina. Situ\u00e9 la an\u00e9mona de esta escultura sobre un espiral de metal que \u201cgira\u201d a su alrededor para representar justamente ese movimiento oscilatorio y las corrientes marinas. Es dif\u00edcil creer que este organismo mas parecido a una flor, es en realidad un animal depredador.<\/p>\t\t\t\t\t\t<\/div>\n\t\t\t\t<\/div>\n\t\t\t\t\t<\/div>\n\t\t\t\t<\/div>\n\t\t<div class=\"elementor-element elementor-element-40cb2d3 e-flex e-con-boxed e-con e-parent\" data-id=\"40cb2d3\" data-element_type=\"container\">\n\t\t\t\t\t<div class=\"e-con-inner\">\n\t\t\t\t<div class=\"elementor-element elementor-element-6ddc45a0 elementor-widget elementor-widget-image\" data-id=\"6ddc45a0\" data-element_type=\"widget\" data-widget_type=\"image.default\">\n\t\t\t\t<div class=\"elementor-widget-container\">\n\t\t\t<style>\/*! elementor - v3.21.0 - 08-05-2024 *\/\n.elementor-widget-image{text-align:center}.elementor-widget-image a{display:inline-block}.elementor-widget-image a img[src$=\".svg\"]{width:48px}.elementor-widget-image img{vertical-align:middle;display:inline-block}<\/style>\t\t\t\t\t\t\t\t\t\t<img fetchpriority=\"high\" decoding=\"async\" width=\"434\" height=\"1024\" src=\"https:\/\/carloshiller.com\/wp-content\/uploads\/2024\/05\/Anemona-Carlos-Hiller-434x1024.jpeg\" class=\"attachment-large size-large wp-image-1103\" alt=\"\" srcset=\"https:\/\/carloshiller.com\/wp-content\/uploads\/2024\/05\/Anemona-Carlos-Hiller-434x1024.jpeg 434w, https:\/\/carloshiller.com\/wp-content\/uploads\/2024\/05\/Anemona-Carlos-Hiller-127x300.jpeg 127w, https:\/\/carloshiller.com\/wp-content\/uploads\/2024\/05\/Anemona-Carlos-Hiller-400x945.jpeg 400w, https:\/\/carloshiller.com\/wp-content\/uploads\/2024\/05\/Anemona-Carlos-Hiller.jpeg 542w\" sizes=\"(max-width: 434px) 100vw, 434px\" \/>\t\t\t\t\t\t\t\t\t\t\t\t\t<\/div>\n\t\t\t\t<\/div>\n\t\t\t\t<div class=\"elementor-element elementor-element-1c76ca1f elementor-widget elementor-widget-text-editor\" data-id=\"1c76ca1f\" data-element_type=\"widget\" data-widget_type=\"text-editor.default\">\n\t\t\t\t<div class=\"elementor-widget-container\">\n\t\t\t\t\t\t\t<p style=\"text-align: center;\">Para ver todas las obras de esta exposici\u00f3n haz clic en el siguiente bot\u00f3n.<\/p>\t\t\t\t\t\t<\/div>\n\t\t\t\t<\/div>\n\t\t\t\t<div class=\"elementor-element elementor-element-12bd3d3e elementor-align-center elementor-widget elementor-widget-button\" data-id=\"12bd3d3e\" data-element_type=\"widget\" data-widget_type=\"button.default\">\n\t\t\t\t<div class=\"elementor-widget-container\">\n\t\t\t\t\t<div class=\"elementor-button-wrapper\">\n\t\t\t<a class=\"elementor-button elementor-button-link elementor-size-sm\" href=\"https:\/\/carloshiller.com\/en\/exposicion-la-costa-rica-desconocida\/\">\n\t\t\t\t\t\t<span class=\"elementor-button-content-wrapper\">\n\t\t\t\t\t\t\t\t\t<span class=\"elementor-button-text\">IR A LA COSTA RICA DESCONOCIDA<\/span>\n\t\t\t\t\t<\/span>\n\t\t\t\t\t<\/a>\n\t\t<\/div>\n\t\t\t\t<\/div>\n\t\t\t\t<\/div>\n\t\t\t\t<div class=\"elementor-element elementor-element-d7395ca elementor-widget elementor-widget-spacer\" data-id=\"d7395ca\" data-element_type=\"widget\" data-widget_type=\"spacer.default\">\n\t\t\t\t<div class=\"elementor-widget-container\">\n\t\t\t<style>\/*! elementor - v3.21.0 - 08-05-2024 *\/\n.elementor-column .elementor-spacer-inner{height:var(--spacer-size)}.e-con{--container-widget-width:100%}.e-con-inner>.elementor-widget-spacer,.e-con>.elementor-widget-spacer{width:var(--container-widget-width,var(--spacer-size));--align-self:var(--container-widget-align-self,initial);--flex-shrink:0}.e-con-inner>.elementor-widget-spacer>.elementor-widget-container,.e-con>.elementor-widget-spacer>.elementor-widget-container{height:100%;width:100%}.e-con-inner>.elementor-widget-spacer>.elementor-widget-container>.elementor-spacer,.e-con>.elementor-widget-spacer>.elementor-widget-container>.elementor-spacer{height:100%}.e-con-inner>.elementor-widget-spacer>.elementor-widget-container>.elementor-spacer>.elementor-spacer-inner,.e-con>.elementor-widget-spacer>.elementor-widget-container>.elementor-spacer>.elementor-spacer-inner{height:var(--container-widget-height,var(--spacer-size))}.e-con-inner>.elementor-widget-spacer.elementor-widget-empty,.e-con>.elementor-widget-spacer.elementor-widget-empty{position:relative;min-height:22px;min-width:22px}.e-con-inner>.elementor-widget-spacer.elementor-widget-empty .elementor-widget-empty-icon,.e-con>.elementor-widget-spacer.elementor-widget-empty .elementor-widget-empty-icon{position:absolute;top:0;bottom:0;left:0;right:0;margin:auto;padding:0;width:22px;height:22px}<\/style>\t\t<div class=\"elementor-spacer\">\n\t\t\t<div class=\"elementor-spacer-inner\"><\/div>\n\t\t<\/div>\n\t\t\t\t<\/div>\n\t\t\t\t<\/div>\n\t\t\t\t<div class=\"elementor-element elementor-element-aadd1d1 elementor-widget elementor-widget-text-editor\" data-id=\"aadd1d1\" data-element_type=\"widget\" data-widget_type=\"text-editor.default\">\n\t\t\t\t<div class=\"elementor-widget-container\">\n\t\t\t\t\t\t\t<p style=\"text-align: center;\"><strong>Para maravillarnos a\u00fan m\u00e1s, este video del Schmidt Ocean Institute nos muestra algunos de los momentos mas impresionantes de la expedici\u00f3n Octopus Odyssey a 3000 metros de profundidad en el pacifico costarricense. <\/strong><\/p><p style=\"text-align: center;\"><strong>Sigue descubriendo nuestra Costa Rica Desconocida.<\/strong><\/p>\t\t\t\t\t\t<\/div>\n\t\t\t\t<\/div>\n\t\t\t\t<div class=\"elementor-element elementor-element-03cda7a elementor-widget elementor-widget-video\" data-id=\"03cda7a\" data-element_type=\"widget\" data-settings=\"{&quot;youtube_url&quot;:&quot;https:\\\/\\\/www.youtube.com\\\/watch?v=YpVXvLjqTx4&quot;,&quot;video_type&quot;:&quot;youtube&quot;,&quot;controls&quot;:&quot;yes&quot;}\" data-widget_type=\"video.default\">\n\t\t\t\t<div class=\"elementor-widget-container\">\n\t\t\t<style>\/*! elementor - v3.21.0 - 08-05-2024 *\/\n.elementor-widget-video .elementor-widget-container{overflow:hidden;transform:translateZ(0)}.elementor-widget-video .elementor-wrapper{aspect-ratio:var(--video-aspect-ratio)}.elementor-widget-video .elementor-wrapper iframe,.elementor-widget-video .elementor-wrapper video{height:100%;width:100%;display:flex;border:none;background-color:#000}@supports not (aspect-ratio:1\/1){.elementor-widget-video .elementor-wrapper{position:relative;overflow:hidden;height:0;padding-bottom:calc(100% \/ var(--video-aspect-ratio))}.elementor-widget-video .elementor-wrapper iframe,.elementor-widget-video .elementor-wrapper video{position:absolute;top:0;right:0;bottom:0;left:0}}.elementor-widget-video .elementor-open-inline .elementor-custom-embed-image-overlay{position:absolute;top:0;right:0;bottom:0;left:0;background-size:cover;background-position:50%}.elementor-widget-video .elementor-custom-embed-image-overlay{cursor:pointer;text-align:center}.elementor-widget-video .elementor-custom-embed-image-overlay:hover .elementor-custom-embed-play i{opacity:1}.elementor-widget-video .elementor-custom-embed-image-overlay img{display:block;width:100%;aspect-ratio:var(--video-aspect-ratio);-o-object-fit:cover;object-fit:cover;-o-object-position:center center;object-position:center center}@supports not (aspect-ratio:1\/1){.elementor-widget-video .elementor-custom-embed-image-overlay{position:relative;overflow:hidden;height:0;padding-bottom:calc(100% \/ var(--video-aspect-ratio))}.elementor-widget-video .elementor-custom-embed-image-overlay img{position:absolute;top:0;right:0;bottom:0;left:0}}.elementor-widget-video .e-hosted-video .elementor-video{-o-object-fit:cover;object-fit:cover}.e-con-inner>.elementor-widget-video,.e-con>.elementor-widget-video{width:var(--container-widget-width);--flex-grow:var(--container-widget-flex-grow)}<\/style>\t\t<div class=\"elementor-wrapper elementor-open-inline\">\n\t\t\t<div class=\"elementor-video\"><\/div>\t\t<\/div>\n\t\t\t\t<\/div>\n\t\t\t\t<\/div>\n\t\t\t\t<div class=\"elementor-element elementor-element-1d781ed0 elementor-widget-divider--view-line elementor-widget elementor-widget-divider\" data-id=\"1d781ed0\" data-element_type=\"widget\" data-widget_type=\"divider.default\">\n\t\t\t\t<div class=\"elementor-widget-container\">\n\t\t\t<style>\/*! elementor - v3.21.0 - 08-05-2024 *\/\n.elementor-widget-divider{--divider-border-style:none;--divider-border-width:1px;--divider-color:#0c0d0e;--divider-icon-size:20px;--divider-element-spacing:10px;--divider-pattern-height:24px;--divider-pattern-size:20px;--divider-pattern-url:none;--divider-pattern-repeat:repeat-x}.elementor-widget-divider .elementor-divider{display:flex}.elementor-widget-divider .elementor-divider__text{font-size:15px;line-height:1;max-width:95%}.elementor-widget-divider .elementor-divider__element{margin:0 var(--divider-element-spacing);flex-shrink:0}.elementor-widget-divider .elementor-icon{font-size:var(--divider-icon-size)}.elementor-widget-divider .elementor-divider-separator{display:flex;margin:0;direction:ltr}.elementor-widget-divider--view-line_icon .elementor-divider-separator,.elementor-widget-divider--view-line_text .elementor-divider-separator{align-items:center}.elementor-widget-divider--view-line_icon .elementor-divider-separator:after,.elementor-widget-divider--view-line_icon .elementor-divider-separator:before,.elementor-widget-divider--view-line_text .elementor-divider-separator:after,.elementor-widget-divider--view-line_text .elementor-divider-separator:before{display:block;content:\"\";border-block-end:0;flex-grow:1;border-block-start:var(--divider-border-width) var(--divider-border-style) var(--divider-color)}.elementor-widget-divider--element-align-left .elementor-divider .elementor-divider-separator>.elementor-divider__svg:first-of-type{flex-grow:0;flex-shrink:100}.elementor-widget-divider--element-align-left .elementor-divider-separator:before{content:none}.elementor-widget-divider--element-align-left .elementor-divider__element{margin-left:0}.elementor-widget-divider--element-align-right .elementor-divider .elementor-divider-separator>.elementor-divider__svg:last-of-type{flex-grow:0;flex-shrink:100}.elementor-widget-divider--element-align-right .elementor-divider-separator:after{content:none}.elementor-widget-divider--element-align-right .elementor-divider__element{margin-right:0}.elementor-widget-divider--element-align-start .elementor-divider .elementor-divider-separator>.elementor-divider__svg:first-of-type{flex-grow:0;flex-shrink:100}.elementor-widget-divider--element-align-start .elementor-divider-separator:before{content:none}.elementor-widget-divider--element-align-start .elementor-divider__element{margin-inline-start:0}.elementor-widget-divider--element-align-end .elementor-divider .elementor-divider-separator>.elementor-divider__svg:last-of-type{flex-grow:0;flex-shrink:100}.elementor-widget-divider--element-align-end .elementor-divider-separator:after{content:none}.elementor-widget-divider--element-align-end .elementor-divider__element{margin-inline-end:0}.elementor-widget-divider:not(.elementor-widget-divider--view-line_text):not(.elementor-widget-divider--view-line_icon) .elementor-divider-separator{border-block-start:var(--divider-border-width) var(--divider-border-style) var(--divider-color)}.elementor-widget-divider--separator-type-pattern{--divider-border-style:none}.elementor-widget-divider--separator-type-pattern.elementor-widget-divider--view-line .elementor-divider-separator,.elementor-widget-divider--separator-type-pattern:not(.elementor-widget-divider--view-line) .elementor-divider-separator:after,.elementor-widget-divider--separator-type-pattern:not(.elementor-widget-divider--view-line) .elementor-divider-separator:before,.elementor-widget-divider--separator-type-pattern:not([class*=elementor-widget-divider--view]) .elementor-divider-separator{width:100%;min-height:var(--divider-pattern-height);-webkit-mask-size:var(--divider-pattern-size) 100%;mask-size:var(--divider-pattern-size) 100%;-webkit-mask-repeat:var(--divider-pattern-repeat);mask-repeat:var(--divider-pattern-repeat);background-color:var(--divider-color);-webkit-mask-image:var(--divider-pattern-url);mask-image:var(--divider-pattern-url)}.elementor-widget-divider--no-spacing{--divider-pattern-size:auto}.elementor-widget-divider--bg-round{--divider-pattern-repeat:round}.rtl .elementor-widget-divider .elementor-divider__text{direction:rtl}.e-con-inner>.elementor-widget-divider,.e-con>.elementor-widget-divider{width:var(--container-widget-width,100%);--flex-grow:var(--container-widget-flex-grow)}<\/style>\t\t<div class=\"elementor-divider\">\n\t\t\t<span class=\"elementor-divider-separator\">\n\t\t\t\t\t\t<\/span>\n\t\t<\/div>\n\t\t\t\t<\/div>\n\t\t\t\t<\/div>\n\t\t\t\t\t<\/div>\n\t\t\t\t<\/div>\n\t\t<div class=\"elementor-element elementor-element-60a92788 e-con-full e-flex e-con e-parent\" data-id=\"60a92788\" data-element_type=\"container\">\n\t\t\t\t<div class=\"elementor-element elementor-element-10a0fdf8 interlineado elementor-widget elementor-widget-text-editor\" data-id=\"10a0fdf8\" data-element_type=\"widget\" data-widget_type=\"text-editor.default\">\n\t\t\t\t<div class=\"elementor-widget-container\">\n\t\t\t\t\t\t\t<p style=\"text-align: center; line-height:25px;\">Are you an art collector? Do you have an art gallery?<\/p>\n<p style=\"text-align: center;\">Do you love the ocean and want to see your own experience captured on canvas?<\/p>\n<p style=\"text-align: center;\">Do not hesitate to <a href=\"http:\/\/carloshiller.com\/en\/contacto\/\">contact me!<\/a>!<\/p>\n+506 89288752 Playas del Coco, Costa Rica CARLOS HILLER \u2013 All Rights Reserved \u2013 Copyright 2024\t\t\t\t\t\t<\/div>\n\t\t\t\t<\/div>\n\t\t\t\t<\/div>\n\t\t\t\t<\/div>","protected":false},"excerpt":{"rendered":"<p>Exposici\u00f3n \u00abLa Costa Rica Desconocida\u00bb Carlos Hiller retrata las profundidades abisales del Pac\u00edfico Costarricense. AN\u00c9MONA Escultura Esta colorida an\u00e9mona con sus largos tent\u00e1culos llam\u00f3 mucho mi atenci\u00f3n. En una ocasi\u00f3n la vimos en un risco, adornando magnamente un paisaje abisal. El movimiento ondulante de sus tent\u00e1culos indicaba el sentido de la corriente marina. Situ\u00e9 la [&hellip;]<\/p>","protected":false},"author":2,"featured_media":1100,"comment_status":"closed","ping_status":"closed","sticky":false,"template":"elementor_header_footer","format":"standard","meta":{"footnotes":""},"categories":[9],"tags":[],"class_list":["post-1099","post","type-post","status-publish","format-standard","has-post-thumbnail","hentry","category-expo-cr-desconocida","has-thumbnail"],"yoast_head":"<!-- This site is optimized with the Yoast SEO plugin v26.7 - https:\/\/yoast.com\/wordpress\/plugins\/seo\/ -->\n<title>An\u00e9mona - Carlos Hiller<\/title>\n<meta name=\"robots\" content=\"index, follow, max-snippet:-1, max-image-preview:large, max-video-preview:-1\" \/>\n<link rel=\"canonical\" href=\"https:\/\/carloshiller.com\/en\/anemona\/\" \/>\n<meta property=\"og:locale\" content=\"en_US\" \/>\n<meta property=\"og:type\" content=\"article\" \/>\n<meta property=\"og:title\" content=\"An\u00e9mona - Carlos Hiller\" \/>\n<meta property=\"og:description\" content=\"Exposici\u00f3n \u00abLa Costa Rica Desconocida\u00bb Carlos Hiller retrata las profundidades abisales del Pac\u00edfico Costarricense. AN\u00c9MONA Escultura Esta colorida an\u00e9mona con sus largos tent\u00e1culos llam\u00f3 mucho mi atenci\u00f3n. En una ocasi\u00f3n la vimos en un risco, adornando magnamente un paisaje abisal. El movimiento ondulante de sus tent\u00e1culos indicaba el sentido de la corriente marina. Situ\u00e9 la [&hellip;]\" \/>\n<meta property=\"og:url\" content=\"https:\/\/carloshiller.com\/en\/anemona\/\" \/>\n<meta property=\"og:site_name\" content=\"Carlos Hiller\" \/>\n<meta property=\"article:publisher\" content=\"https:\/\/www.facebook.com\/carloshiller\" \/>\n<meta property=\"article:published_time\" content=\"2024-05-06T06:14:05+00:00\" \/>\n<meta property=\"article:modified_time\" content=\"2024-10-22T16:06:23+00:00\" \/>\n<meta property=\"og:image\" content=\"https:\/\/carloshiller.com\/wp-content\/uploads\/2024\/05\/Anemona-escultura-Carlos-Hiller.jpeg\" \/>\n\t<meta property=\"og:image:width\" content=\"542\" \/>\n\t<meta property=\"og:image:height\" content=\"678\" \/>\n\t<meta property=\"og:image:type\" content=\"image\/jpeg\" \/>\n<meta name=\"author\" content=\"Karina Ovalles\" \/>\n<meta name=\"twitter:card\" content=\"summary_large_image\" \/>\n<meta name=\"twitter:label1\" content=\"Written by\" \/>\n\t<meta name=\"twitter:data1\" content=\"Karina Ovalles\" \/>\n\t<meta name=\"twitter:label2\" content=\"Est. reading time\" \/>\n\t<meta name=\"twitter:data2\" content=\"2 minutes\" \/>\n<script type=\"application\/ld+json\" class=\"yoast-schema-graph\">{\"@context\":\"https:\/\/schema.org\",\"@graph\":[{\"@type\":\"Article\",\"@id\":\"https:\/\/carloshiller.com\/anemona\/#article\",\"isPartOf\":{\"@id\":\"https:\/\/carloshiller.com\/anemona\/\"},\"author\":{\"name\":\"Karina Ovalles\",\"@id\":\"https:\/\/carloshiller.com\/#\/schema\/person\/808f637a90c6605db3aa17f791712a4b\"},\"headline\":\"An\u00e9mona\",\"datePublished\":\"2024-05-06T06:14:05+00:00\",\"dateModified\":\"2024-10-22T16:06:23+00:00\",\"mainEntityOfPage\":{\"@id\":\"https:\/\/carloshiller.com\/anemona\/\"},\"wordCount\":218,\"publisher\":{\"@id\":\"https:\/\/carloshiller.com\/#\/schema\/person\/674875cdee6506763d6bf2c8d4ccc783\"},\"image\":{\"@id\":\"https:\/\/carloshiller.com\/anemona\/#primaryimage\"},\"thumbnailUrl\":\"https:\/\/carloshiller.com\/wp-content\/uploads\/2024\/05\/Anemona-escultura-Carlos-Hiller.jpeg\",\"articleSection\":[\"Exposici\u00f3n La Costa Rica Desconocida\"],\"inLanguage\":\"en-US\"},{\"@type\":\"WebPage\",\"@id\":\"https:\/\/carloshiller.com\/anemona\/\",\"url\":\"https:\/\/carloshiller.com\/anemona\/\",\"name\":\"An\u00e9mona - Carlos Hiller\",\"isPartOf\":{\"@id\":\"https:\/\/carloshiller.com\/#website\"},\"primaryImageOfPage\":{\"@id\":\"https:\/\/carloshiller.com\/anemona\/#primaryimage\"},\"image\":{\"@id\":\"https:\/\/carloshiller.com\/anemona\/#primaryimage\"},\"thumbnailUrl\":\"https:\/\/carloshiller.com\/wp-content\/uploads\/2024\/05\/Anemona-escultura-Carlos-Hiller.jpeg\",\"datePublished\":\"2024-05-06T06:14:05+00:00\",\"dateModified\":\"2024-10-22T16:06:23+00:00\",\"breadcrumb\":{\"@id\":\"https:\/\/carloshiller.com\/anemona\/#breadcrumb\"},\"inLanguage\":\"en-US\",\"potentialAction\":[{\"@type\":\"ReadAction\",\"target\":[\"https:\/\/carloshiller.com\/anemona\/\"]}]},{\"@type\":\"ImageObject\",\"inLanguage\":\"en-US\",\"@id\":\"https:\/\/carloshiller.com\/anemona\/#primaryimage\",\"url\":\"https:\/\/carloshiller.com\/wp-content\/uploads\/2024\/05\/Anemona-escultura-Carlos-Hiller.jpeg\",\"contentUrl\":\"https:\/\/carloshiller.com\/wp-content\/uploads\/2024\/05\/Anemona-escultura-Carlos-Hiller.jpeg\",\"width\":542,\"height\":678},{\"@type\":\"BreadcrumbList\",\"@id\":\"https:\/\/carloshiller.com\/anemona\/#breadcrumb\",\"itemListElement\":[{\"@type\":\"ListItem\",\"position\":1,\"name\":\"Portada\",\"item\":\"https:\/\/carloshiller.com\/\"},{\"@type\":\"ListItem\",\"position\":2,\"name\":\"An\u00e9mona\"}]},{\"@type\":\"WebSite\",\"@id\":\"https:\/\/carloshiller.com\/#website\",\"url\":\"https:\/\/carloshiller.com\/\",\"name\":\"Carlos Hiller\",\"description\":\"Artista dedicado a retratar los oc\u00e9anos.\",\"publisher\":{\"@id\":\"https:\/\/carloshiller.com\/#\/schema\/person\/674875cdee6506763d6bf2c8d4ccc783\"},\"potentialAction\":[{\"@type\":\"SearchAction\",\"target\":{\"@type\":\"EntryPoint\",\"urlTemplate\":\"https:\/\/carloshiller.com\/?s={search_term_string}\"},\"query-input\":{\"@type\":\"PropertyValueSpecification\",\"valueRequired\":true,\"valueName\":\"search_term_string\"}}],\"inLanguage\":\"en-US\"},{\"@type\":[\"Person\",\"Organization\"],\"@id\":\"https:\/\/carloshiller.com\/#\/schema\/person\/674875cdee6506763d6bf2c8d4ccc783\",\"name\":\"chmanager\",\"image\":{\"@type\":\"ImageObject\",\"inLanguage\":\"en-US\",\"@id\":\"https:\/\/carloshiller.com\/#\/schema\/person\/image\/\",\"url\":\"https:\/\/secure.gravatar.com\/avatar\/acad3c15880dd2138c19c456da53c46053a3bab38d20d3cb184b650e1e2ca7aa?s=96&d=mm&r=g\",\"contentUrl\":\"https:\/\/secure.gravatar.com\/avatar\/acad3c15880dd2138c19c456da53c46053a3bab38d20d3cb184b650e1e2ca7aa?s=96&d=mm&r=g\",\"caption\":\"chmanager\"},\"logo\":{\"@id\":\"https:\/\/carloshiller.com\/#\/schema\/person\/image\/\"},\"sameAs\":[\"http:\/\/carloshiller.com\",\"https:\/\/www.facebook.com\/carloshiller\",\"https:\/\/www.instagram.com\/carloshillerartist\/\",\"https:\/\/www.youtube.com\/@ciharcr\"]},{\"@type\":\"Person\",\"@id\":\"https:\/\/carloshiller.com\/#\/schema\/person\/808f637a90c6605db3aa17f791712a4b\",\"name\":\"Karina Ovalles\",\"image\":{\"@type\":\"ImageObject\",\"inLanguage\":\"en-US\",\"@id\":\"https:\/\/carloshiller.com\/#\/schema\/person\/image\/\",\"url\":\"https:\/\/secure.gravatar.com\/avatar\/cbbe154191720e7ea9958d293c76eddf0658868404269a562fbe721457428f80?s=96&d=mm&r=g\",\"contentUrl\":\"https:\/\/secure.gravatar.com\/avatar\/cbbe154191720e7ea9958d293c76eddf0658868404269a562fbe721457428f80?s=96&d=mm&r=g\",\"caption\":\"Karina Ovalles\"},\"url\":\"https:\/\/carloshiller.com\/en\/author\/kioc\/\"}]}<\/script>\n<!-- \/ Yoast SEO plugin. -->","yoast_head_json":{"title":"An\u00e9mona - Carlos Hiller","robots":{"index":"index","follow":"follow","max-snippet":"max-snippet:-1","max-image-preview":"max-image-preview:large","max-video-preview":"max-video-preview:-1"},"canonical":"https:\/\/carloshiller.com\/en\/anemona\/","og_locale":"en_US","og_type":"article","og_title":"An\u00e9mona - Carlos Hiller","og_description":"Exposici\u00f3n \u00abLa Costa Rica Desconocida\u00bb Carlos Hiller retrata las profundidades abisales del Pac\u00edfico Costarricense. AN\u00c9MONA Escultura Esta colorida an\u00e9mona con sus largos tent\u00e1culos llam\u00f3 mucho mi atenci\u00f3n. En una ocasi\u00f3n la vimos en un risco, adornando magnamente un paisaje abisal. El movimiento ondulante de sus tent\u00e1culos indicaba el sentido de la corriente marina. Situ\u00e9 la [&hellip;]","og_url":"https:\/\/carloshiller.com\/en\/anemona\/","og_site_name":"Carlos Hiller","article_publisher":"https:\/\/www.facebook.com\/carloshiller","article_published_time":"2024-05-06T06:14:05+00:00","article_modified_time":"2024-10-22T16:06:23+00:00","og_image":[{"width":542,"height":678,"url":"https:\/\/carloshiller.com\/wp-content\/uploads\/2024\/05\/Anemona-escultura-Carlos-Hiller.jpeg","type":"image\/jpeg"}],"author":"Karina Ovalles","twitter_card":"summary_large_image","twitter_misc":{"Written by":"Karina Ovalles","Est. reading time":"2 minutes"},"schema":{"@context":"https:\/\/schema.org","@graph":[{"@type":"Article","@id":"https:\/\/carloshiller.com\/anemona\/#article","isPartOf":{"@id":"https:\/\/carloshiller.com\/anemona\/"},"author":{"name":"Karina Ovalles","@id":"https:\/\/carloshiller.com\/#\/schema\/person\/808f637a90c6605db3aa17f791712a4b"},"headline":"An\u00e9mona","datePublished":"2024-05-06T06:14:05+00:00","dateModified":"2024-10-22T16:06:23+00:00","mainEntityOfPage":{"@id":"https:\/\/carloshiller.com\/anemona\/"},"wordCount":218,"publisher":{"@id":"https:\/\/carloshiller.com\/#\/schema\/person\/674875cdee6506763d6bf2c8d4ccc783"},"image":{"@id":"https:\/\/carloshiller.com\/anemona\/#primaryimage"},"thumbnailUrl":"https:\/\/carloshiller.com\/wp-content\/uploads\/2024\/05\/Anemona-escultura-Carlos-Hiller.jpeg","articleSection":["Exposici\u00f3n La Costa Rica Desconocida"],"inLanguage":"en-US"},{"@type":"WebPage","@id":"https:\/\/carloshiller.com\/anemona\/","url":"https:\/\/carloshiller.com\/anemona\/","name":"An\u00e9mona - Carlos Hiller","isPartOf":{"@id":"https:\/\/carloshiller.com\/#website"},"primaryImageOfPage":{"@id":"https:\/\/carloshiller.com\/anemona\/#primaryimage"},"image":{"@id":"https:\/\/carloshiller.com\/anemona\/#primaryimage"},"thumbnailUrl":"https:\/\/carloshiller.com\/wp-content\/uploads\/2024\/05\/Anemona-escultura-Carlos-Hiller.jpeg","datePublished":"2024-05-06T06:14:05+00:00","dateModified":"2024-10-22T16:06:23+00:00","breadcrumb":{"@id":"https:\/\/carloshiller.com\/anemona\/#breadcrumb"},"inLanguage":"en-US","potentialAction":[{"@type":"ReadAction","target":["https:\/\/carloshiller.com\/anemona\/"]}]},{"@type":"ImageObject","inLanguage":"en-US","@id":"https:\/\/carloshiller.com\/anemona\/#primaryimage","url":"https:\/\/carloshiller.com\/wp-content\/uploads\/2024\/05\/Anemona-escultura-Carlos-Hiller.jpeg","contentUrl":"https:\/\/carloshiller.com\/wp-content\/uploads\/2024\/05\/Anemona-escultura-Carlos-Hiller.jpeg","width":542,"height":678},{"@type":"BreadcrumbList","@id":"https:\/\/carloshiller.com\/anemona\/#breadcrumb","itemListElement":[{"@type":"ListItem","position":1,"name":"Portada","item":"https:\/\/carloshiller.com\/"},{"@type":"ListItem","position":2,"name":"An\u00e9mona"}]},{"@type":"WebSite","@id":"https:\/\/carloshiller.com\/#website","url":"https:\/\/carloshiller.com\/","name":"Carlos Hiller","description":"Artist dedicated to portraying the oceans.","publisher":{"@id":"https:\/\/carloshiller.com\/#\/schema\/person\/674875cdee6506763d6bf2c8d4ccc783"},"potentialAction":[{"@type":"SearchAction","target":{"@type":"EntryPoint","urlTemplate":"https:\/\/carloshiller.com\/?s={search_term_string}"},"query-input":{"@type":"PropertyValueSpecification","valueRequired":true,"valueName":"search_term_string"}}],"inLanguage":"en-US"},{"@type":["Person","Organization"],"@id":"https:\/\/carloshiller.com\/#\/schema\/person\/674875cdee6506763d6bf2c8d4ccc783","name":"chmanager","image":{"@type":"ImageObject","inLanguage":"en-US","@id":"https:\/\/carloshiller.com\/#\/schema\/person\/image\/","url":"https:\/\/secure.gravatar.com\/avatar\/acad3c15880dd2138c19c456da53c46053a3bab38d20d3cb184b650e1e2ca7aa?s=96&d=mm&r=g","contentUrl":"https:\/\/secure.gravatar.com\/avatar\/acad3c15880dd2138c19c456da53c46053a3bab38d20d3cb184b650e1e2ca7aa?s=96&d=mm&r=g","caption":"chmanager"},"logo":{"@id":"https:\/\/carloshiller.com\/#\/schema\/person\/image\/"},"sameAs":["http:\/\/carloshiller.com","https:\/\/www.facebook.com\/carloshiller","https:\/\/www.instagram.com\/carloshillerartist\/","https:\/\/www.youtube.com\/@ciharcr"]},{"@type":"Person","@id":"https:\/\/carloshiller.com\/#\/schema\/person\/808f637a90c6605db3aa17f791712a4b","name":"Karina Ovalles","image":{"@type":"ImageObject","inLanguage":"en-US","@id":"https:\/\/carloshiller.com\/#\/schema\/person\/image\/","url":"https:\/\/secure.gravatar.com\/avatar\/cbbe154191720e7ea9958d293c76eddf0658868404269a562fbe721457428f80?s=96&d=mm&r=g","contentUrl":"https:\/\/secure.gravatar.com\/avatar\/cbbe154191720e7ea9958d293c76eddf0658868404269a562fbe721457428f80?s=96&d=mm&r=g","caption":"Karina Ovalles"},"url":"https:\/\/carloshiller.com\/en\/author\/kioc\/"}]}},"_links":{"self":[{"href":"https:\/\/carloshiller.com\/en\/wp-json\/wp\/v2\/posts\/1099","targetHints":{"allow":["GET"]}}],"collection":[{"href":"https:\/\/carloshiller.com\/en\/wp-json\/wp\/v2\/posts"}],"about":[{"href":"https:\/\/carloshiller.com\/en\/wp-json\/wp\/v2\/types\/post"}],"author":[{"embeddable":true,"href":"https:\/\/carloshiller.com\/en\/wp-json\/wp\/v2\/users\/2"}],"replies":[{"embeddable":true,"href":"https:\/\/carloshiller.com\/en\/wp-json\/wp\/v2\/comments?post=1099"}],"version-history":[{"count":13,"href":"https:\/\/carloshiller.com\/en\/wp-json\/wp\/v2\/posts\/1099\/revisions"}],"predecessor-version":[{"id":1696,"href":"https:\/\/carloshiller.com\/en\/wp-json\/wp\/v2\/posts\/1099\/revisions\/1696"}],"wp:featuredmedia":[{"embeddable":true,"href":"https:\/\/carloshiller.com\/en\/wp-json\/wp\/v2\/media\/1100"}],"wp:attachment":[{"href":"https:\/\/carloshiller.com\/en\/wp-json\/wp\/v2\/media?parent=1099"}],"wp:term":[{"taxonomy":"category","embeddable":true,"href":"https:\/\/carloshiller.com\/en\/wp-json\/wp\/v2\/categories?post=1099"},{"taxonomy":"post_tag","embeddable":true,"href":"https:\/\/carloshiller.com\/en\/wp-json\/wp\/v2\/tags?post=1099"}],"curies":[{"name":"wp","href":"https:\/\/api.w.org\/{rel}","templated":true}]}}